{"id":6081,"date":"2019-03-25T13:13:17","date_gmt":"2019-03-25T12:13:17","guid":{"rendered":"https:\/\/www.lamarcadeodin.com\/?p=6081"},"modified":"2023-11-23T13:46:14","modified_gmt":"2023-11-23T12:46:14","slug":"now-available-the-digital-third-edition-for-mark-of-odin-the-awakening-in-spanish-and-changes-in-the-english-version","status":"publish","type":"post","link":"https:\/\/www.lamarcadeodin.com\/en\/now-available-the-digital-third-edition-for-mark-of-odin-the-awakening-in-spanish-and-changes-in-the-english-version\/","title":{"rendered":"NOW AVAILABLE THE DIGITAL THIRD EDITION FOR MARK OF ODIN: THE AWAKENING IN SPANISH AND CHANGES IN THE ENGLISH VERSION"},"content":{"rendered":"<p>The Mark of Odin team is honored to announce that the Spanish Third Edition in digital for Mark of Odin: The Awakening is already available in our site and in external digital platforms: Amazon Kindle, Google Play Books, iBooks, Kobo and Lektu.<\/p>\n<p>In this Third Edition, from March 2019, we have not only fixed mistakes or issues of the Spanish edition but added new features to ensure that readers are aware of the second book and their options to continue their adventure in our saga.<\/p>\n<p>In that regard we have released a new English edition too with features\u00a0<a href=\"http:\/\/discord.gg\/mDeJjSg\">to join our Discord Community<\/a>\u00a0and have direct links and information to get the paperback edition of Mark of Odin: The Awakening and join our #MarkedbyOdin community purchasing the Online Pass. It&#8217;s already available in the digital platforms and in our site.<\/p>\n<blockquote><p>&#8220;This Third Edition means the biggest review process since we released the book in Spain back in July 2012!&#8221;\u00a0<strong>Author Xavier Marc\u00e9 stated.<\/strong>\u00a0&#8220;I know you all had to wait but we have applied many lessons that we have learned across the years to improve the reading experience and make eassier to join our #MarkedbyOdin community from all free readers.&#8221;<\/p><\/blockquote>\n<p>The paperback version of the Third Edition is coming soon and we are already working in the review process of the second edition in Spanish for Mark of Odin: Road to Valhalla. We hope to announce it soon!<\/p>\n","protected":false},"excerpt":{"rendered":"<p>The Mark of Odin team is honored to announce that the Spanish Third Edition in digital for Mark of Odin: The Awakening is already available in our site and in external digital platforms: Amazon Kindle, Google Play Books, iBooks, Kobo and Lektu. In this Third Edition, from March 2019, we have not only fixed mistakes [&hellip;]<\/p>\n","protected":false},"author":1,"featured_media":5562,"comment_status":"open","ping_status":"open","sticky":false,"template":"","format":"standard","meta":{"_acf_changed":false,"_bbp_topic_count":0,"_bbp_reply_count":0,"_bbp_total_topic_count":0,"_bbp_total_reply_count":0,"_bbp_voice_count":0,"_bbp_anonymous_reply_count":0,"_bbp_topic_count_hidden":0,"_bbp_reply_count_hidden":0,"_bbp_forum_subforum_count":0,"ngg_post_thumbnail":0,"_glsr_average":0,"_glsr_ranking":0,"_glsr_reviews":0,"footnotes":""},"categories":[125],"tags":[],"categoria-de-noticia":[72],"class_list":["post-6081","post","type-post","status-publish","format-standard","has-post-thumbnail","hentry","category-news","categoria-de-noticia-noticias"],"acf":[],"yoast_head":"<!-- This site is optimized with the Yoast SEO plugin v26.9 - https:\/\/yoast.com\/product\/yoast-seo-wordpress\/ -->\n<title>NOW AVAILABLE THE DIGITAL THIRD EDITION FOR MARK OF ODIN: THE AWAKENING IN SPANISH AND CHANGES IN THE ENGLISH VERSION - La Marca de Od\u00edn<\/title>\n<meta name=\"robots\" content=\"index, follow, max-snippet:-1, max-image-preview:large, max-video-preview:-1\" \/>\n<link rel=\"canonical\" href=\"https:\/\/www.lamarcadeodin.com\/ya-esta-disponible-la-tercera-edicion-en-digital-de-la-marca-de-odin-el-despertar\/\" \/>\n<meta property=\"og:locale\" content=\"en_US\" \/>\n<meta property=\"og:type\" content=\"article\" \/>\n<meta property=\"og:title\" content=\"NOW AVAILABLE THE DIGITAL THIRD EDITION FOR MARK OF ODIN: THE AWAKENING IN SPANISH AND CHANGES IN THE ENGLISH VERSION - La Marca de Od\u00edn\" \/>\n<meta property=\"og:description\" content=\"The Mark of Odin team is honored to announce that the Spanish Third Edition in digital for Mark of Odin: The Awakening is already available in our site and in external digital platforms: Amazon Kindle, Google Play Books, iBooks, Kobo and Lektu. In this Third Edition, from March 2019, we have not only fixed mistakes [&hellip;]\" \/>\n<meta property=\"og:url\" content=\"https:\/\/www.lamarcadeodin.com\/ya-esta-disponible-la-tercera-edicion-en-digital-de-la-marca-de-odin-el-despertar\/\" \/>\n<meta property=\"og:site_name\" content=\"La Marca de Od\u00edn\" \/>\n<meta property=\"article:publisher\" content=\"https:\/\/www.facebook.com\/xaviverso\/\" \/>\n<meta property=\"article:published_time\" content=\"2019-03-25T12:13:17+00:00\" \/>\n<meta property=\"article:modified_time\" content=\"2023-11-23T12:46:14+00:00\" \/>\n<meta property=\"og:image\" content=\"https:\/\/www.lamarcadeodin.com\/wp-content\/uploads\/Foto-LMDOED-Ed.2019-01.jpg\" \/>\n\t<meta property=\"og:image:width\" content=\"1200\" \/>\n\t<meta property=\"og:image:height\" content=\"885\" \/>\n\t<meta property=\"og:image:type\" content=\"image\/jpeg\" \/>\n<meta name=\"author\" content=\"eduardotch\" \/>\n<meta name=\"twitter:card\" content=\"summary_large_image\" \/>\n<meta name=\"twitter:creator\" content=\"@ElXaviVerso\" \/>\n<meta name=\"twitter:site\" content=\"@ElXaviVerso\" \/>\n<meta name=\"twitter:label1\" content=\"Written by\" \/>\n\t<meta name=\"twitter:data1\" content=\"eduardotch\" \/>\n\t<meta name=\"twitter:label2\" content=\"Est. reading time\" \/>\n\t<meta name=\"twitter:data2\" content=\"1 minute\" \/>\n<script type=\"application\/ld+json\" class=\"yoast-schema-graph\">{\"@context\":\"https:\/\/schema.org\",\"@graph\":[{\"@type\":\"Article\",\"@id\":\"https:\/\/www.lamarcadeodin.com\/ya-esta-disponible-la-tercera-edicion-en-digital-de-la-marca-de-odin-el-despertar\/#article\",\"isPartOf\":{\"@id\":\"https:\/\/www.lamarcadeodin.com\/ya-esta-disponible-la-tercera-edicion-en-digital-de-la-marca-de-odin-el-despertar\/\"},\"author\":{\"name\":\"eduardotch\",\"@id\":\"https:\/\/www.lamarcadeodin.com\/#\/schema\/person\/4977dfc72708f3e16bbf10092f8526c0\"},\"headline\":\"NOW AVAILABLE THE DIGITAL THIRD EDITION FOR MARK OF ODIN: THE AWAKENING IN SPANISH AND CHANGES IN THE ENGLISH VERSION\",\"datePublished\":\"2019-03-25T12:13:17+00:00\",\"dateModified\":\"2023-11-23T12:46:14+00:00\",\"mainEntityOfPage\":{\"@id\":\"https:\/\/www.lamarcadeodin.com\/ya-esta-disponible-la-tercera-edicion-en-digital-de-la-marca-de-odin-el-despertar\/\"},\"wordCount\":257,\"commentCount\":0,\"publisher\":{\"@id\":\"https:\/\/www.lamarcadeodin.com\/#organization\"},\"image\":{\"@id\":\"https:\/\/www.lamarcadeodin.com\/ya-esta-disponible-la-tercera-edicion-en-digital-de-la-marca-de-odin-el-despertar\/#primaryimage\"},\"thumbnailUrl\":\"https:\/\/www.lamarcadeodin.com\/wp-content\/uploads\/Foto-LMDOED-Ed.2019-01.jpg\",\"articleSection\":[\"News\"],\"inLanguage\":\"en-US\",\"potentialAction\":[{\"@type\":\"CommentAction\",\"name\":\"Comment\",\"target\":[\"https:\/\/www.lamarcadeodin.com\/ya-esta-disponible-la-tercera-edicion-en-digital-de-la-marca-de-odin-el-despertar\/#respond\"]}]},{\"@type\":\"WebPage\",\"@id\":\"https:\/\/www.lamarcadeodin.com\/ya-esta-disponible-la-tercera-edicion-en-digital-de-la-marca-de-odin-el-despertar\/\",\"url\":\"https:\/\/www.lamarcadeodin.com\/ya-esta-disponible-la-tercera-edicion-en-digital-de-la-marca-de-odin-el-despertar\/\",\"name\":\"NOW AVAILABLE THE DIGITAL THIRD EDITION FOR MARK OF ODIN: THE AWAKENING IN SPANISH AND CHANGES IN THE ENGLISH VERSION - La Marca de Od\u00edn\",\"isPartOf\":{\"@id\":\"https:\/\/www.lamarcadeodin.com\/#website\"},\"primaryImageOfPage\":{\"@id\":\"https:\/\/www.lamarcadeodin.com\/ya-esta-disponible-la-tercera-edicion-en-digital-de-la-marca-de-odin-el-despertar\/#primaryimage\"},\"image\":{\"@id\":\"https:\/\/www.lamarcadeodin.com\/ya-esta-disponible-la-tercera-edicion-en-digital-de-la-marca-de-odin-el-despertar\/#primaryimage\"},\"thumbnailUrl\":\"https:\/\/www.lamarcadeodin.com\/wp-content\/uploads\/Foto-LMDOED-Ed.2019-01.jpg\",\"datePublished\":\"2019-03-25T12:13:17+00:00\",\"dateModified\":\"2023-11-23T12:46:14+00:00\",\"breadcrumb\":{\"@id\":\"https:\/\/www.lamarcadeodin.com\/ya-esta-disponible-la-tercera-edicion-en-digital-de-la-marca-de-odin-el-despertar\/#breadcrumb\"},\"inLanguage\":\"en-US\",\"potentialAction\":[{\"@type\":\"ReadAction\",\"target\":[\"https:\/\/www.lamarcadeodin.com\/ya-esta-disponible-la-tercera-edicion-en-digital-de-la-marca-de-odin-el-despertar\/\"]}]},{\"@type\":\"ImageObject\",\"inLanguage\":\"en-US\",\"@id\":\"https:\/\/www.lamarcadeodin.com\/ya-esta-disponible-la-tercera-edicion-en-digital-de-la-marca-de-odin-el-despertar\/#primaryimage\",\"url\":\"https:\/\/www.lamarcadeodin.com\/wp-content\/uploads\/Foto-LMDOED-Ed.2019-01.jpg\",\"contentUrl\":\"https:\/\/www.lamarcadeodin.com\/wp-content\/uploads\/Foto-LMDOED-Ed.2019-01.jpg\",\"width\":1200,\"height\":885},{\"@type\":\"BreadcrumbList\",\"@id\":\"https:\/\/www.lamarcadeodin.com\/ya-esta-disponible-la-tercera-edicion-en-digital-de-la-marca-de-odin-el-despertar\/#breadcrumb\",\"itemListElement\":[{\"@type\":\"ListItem\",\"position\":1,\"name\":\"Portada\",\"item\":\"https:\/\/www.lamarcadeodin.com\/en\/\"},{\"@type\":\"ListItem\",\"position\":2,\"name\":\"NOW AVAILABLE THE DIGITAL THIRD EDITION FOR MARK OF ODIN: THE AWAKENING IN SPANISH AND CHANGES IN THE ENGLISH VERSION\"}]},{\"@type\":\"WebSite\",\"@id\":\"https:\/\/www.lamarcadeodin.com\/#website\",\"url\":\"https:\/\/www.lamarcadeodin.com\/\",\"name\":\"La Marca de Od\u00edn\",\"description\":\"La saga literaria transmedia que fusiona actualidad con mitolog\u00eda n\u00f3rdica y ciencia ficci\u00f3n\",\"publisher\":{\"@id\":\"https:\/\/www.lamarcadeodin.com\/#organization\"},\"potentialAction\":[{\"@type\":\"SearchAction\",\"target\":{\"@type\":\"EntryPoint\",\"urlTemplate\":\"https:\/\/www.lamarcadeodin.com\/?s={search_term_string}\"},\"query-input\":{\"@type\":\"PropertyValueSpecification\",\"valueRequired\":true,\"valueName\":\"search_term_string\"}}],\"inLanguage\":\"en-US\"},{\"@type\":\"Organization\",\"@id\":\"https:\/\/www.lamarcadeodin.com\/#organization\",\"name\":\"La Marca de Od\u00edn\",\"url\":\"https:\/\/www.lamarcadeodin.com\/\",\"logo\":{\"@type\":\"ImageObject\",\"inLanguage\":\"en-US\",\"@id\":\"https:\/\/www.lamarcadeodin.com\/#\/schema\/logo\/image\/\",\"url\":\"https:\/\/www.lamarcadeodin.com\/wp-content\/uploads\/cropped-logolamarcadeodinconruna400x120.jpg\",\"contentUrl\":\"https:\/\/www.lamarcadeodin.com\/wp-content\/uploads\/cropped-logolamarcadeodinconruna400x120.jpg\",\"width\":400,\"height\":120,\"caption\":\"La Marca de Od\u00edn\"},\"image\":{\"@id\":\"https:\/\/www.lamarcadeodin.com\/#\/schema\/logo\/image\/\"},\"sameAs\":[\"https:\/\/www.facebook.com\/xaviverso\/\",\"https:\/\/x.com\/ElXaviVerso\",\"https:\/\/t.me\/xaviverso\",\"https:\/\/www.instagram.com\/elxaviverso\/\",\"https:\/\/whatsapp.com\/channel\/0029Va94LUA05MUfj4FmYU29\",\"https:\/\/www.youtube.com\/@XaviVerso\",\"https:\/\/www.tiktok.com\/@xaviverso\",\"https:\/\/www.twitch.tv\/xaviverso\"]},{\"@type\":\"Person\",\"@id\":\"https:\/\/www.lamarcadeodin.com\/#\/schema\/person\/4977dfc72708f3e16bbf10092f8526c0\",\"name\":\"eduardotch\",\"image\":{\"@type\":\"ImageObject\",\"inLanguage\":\"en-US\",\"@id\":\"https:\/\/www.lamarcadeodin.com\/#\/schema\/person\/image\/\",\"url\":\"\/\/www.gravatar.com\/avatar\/4fe3139b739fa102a7905b000d69f22c?s=96&#038;r=g&#038;d=mm\",\"contentUrl\":\"\/\/www.gravatar.com\/avatar\/4fe3139b739fa102a7905b000d69f22c?s=96&#038;r=g&#038;d=mm\",\"caption\":\"eduardotch\"},\"sameAs\":[\"https:\/\/www.lamarcadeodin.com\"],\"url\":\"https:\/\/www.lamarcadeodin.com\/en\/author\/eduardotch\/\"}]}<\/script>\n<!-- \/ Yoast SEO plugin. -->","yoast_head_json":{"title":"NOW AVAILABLE THE DIGITAL THIRD EDITION FOR MARK OF ODIN: THE AWAKENING IN SPANISH AND CHANGES IN THE ENGLISH VERSION - La Marca de Od\u00edn","robots":{"index":"index","follow":"follow","max-snippet":"max-snippet:-1","max-image-preview":"max-image-preview:large","max-video-preview":"max-video-preview:-1"},"canonical":"https:\/\/www.lamarcadeodin.com\/ya-esta-disponible-la-tercera-edicion-en-digital-de-la-marca-de-odin-el-despertar\/","og_locale":"en_US","og_type":"article","og_title":"NOW AVAILABLE THE DIGITAL THIRD EDITION FOR MARK OF ODIN: THE AWAKENING IN SPANISH AND CHANGES IN THE ENGLISH VERSION - La Marca de Od\u00edn","og_description":"The Mark of Odin team is honored to announce that the Spanish Third Edition in digital for Mark of Odin: The Awakening is already available in our site and in external digital platforms: Amazon Kindle, Google Play Books, iBooks, Kobo and Lektu. In this Third Edition, from March 2019, we have not only fixed mistakes [&hellip;]","og_url":"https:\/\/www.lamarcadeodin.com\/ya-esta-disponible-la-tercera-edicion-en-digital-de-la-marca-de-odin-el-despertar\/","og_site_name":"La Marca de Od\u00edn","article_publisher":"https:\/\/www.facebook.com\/xaviverso\/","article_published_time":"2019-03-25T12:13:17+00:00","article_modified_time":"2023-11-23T12:46:14+00:00","og_image":[{"width":1200,"height":885,"url":"https:\/\/www.lamarcadeodin.com\/wp-content\/uploads\/Foto-LMDOED-Ed.2019-01.jpg","type":"image\/jpeg"}],"author":"eduardotch","twitter_card":"summary_large_image","twitter_creator":"@ElXaviVerso","twitter_site":"@ElXaviVerso","twitter_misc":{"Written by":"eduardotch","Est. reading time":"1 minute"},"schema":{"@context":"https:\/\/schema.org","@graph":[{"@type":"Article","@id":"https:\/\/www.lamarcadeodin.com\/ya-esta-disponible-la-tercera-edicion-en-digital-de-la-marca-de-odin-el-despertar\/#article","isPartOf":{"@id":"https:\/\/www.lamarcadeodin.com\/ya-esta-disponible-la-tercera-edicion-en-digital-de-la-marca-de-odin-el-despertar\/"},"author":{"name":"eduardotch","@id":"https:\/\/www.lamarcadeodin.com\/#\/schema\/person\/4977dfc72708f3e16bbf10092f8526c0"},"headline":"NOW AVAILABLE THE DIGITAL THIRD EDITION FOR MARK OF ODIN: THE AWAKENING IN SPANISH AND CHANGES IN THE ENGLISH VERSION","datePublished":"2019-03-25T12:13:17+00:00","dateModified":"2023-11-23T12:46:14+00:00","mainEntityOfPage":{"@id":"https:\/\/www.lamarcadeodin.com\/ya-esta-disponible-la-tercera-edicion-en-digital-de-la-marca-de-odin-el-despertar\/"},"wordCount":257,"commentCount":0,"publisher":{"@id":"https:\/\/www.lamarcadeodin.com\/#organization"},"image":{"@id":"https:\/\/www.lamarcadeodin.com\/ya-esta-disponible-la-tercera-edicion-en-digital-de-la-marca-de-odin-el-despertar\/#primaryimage"},"thumbnailUrl":"https:\/\/www.lamarcadeodin.com\/wp-content\/uploads\/Foto-LMDOED-Ed.2019-01.jpg","articleSection":["News"],"inLanguage":"en-US","potentialAction":[{"@type":"CommentAction","name":"Comment","target":["https:\/\/www.lamarcadeodin.com\/ya-esta-disponible-la-tercera-edicion-en-digital-de-la-marca-de-odin-el-despertar\/#respond"]}]},{"@type":"WebPage","@id":"https:\/\/www.lamarcadeodin.com\/ya-esta-disponible-la-tercera-edicion-en-digital-de-la-marca-de-odin-el-despertar\/","url":"https:\/\/www.lamarcadeodin.com\/ya-esta-disponible-la-tercera-edicion-en-digital-de-la-marca-de-odin-el-despertar\/","name":"NOW AVAILABLE THE DIGITAL THIRD EDITION FOR MARK OF ODIN: THE AWAKENING IN SPANISH AND CHANGES IN THE ENGLISH VERSION - La Marca de Od\u00edn","isPartOf":{"@id":"https:\/\/www.lamarcadeodin.com\/#website"},"primaryImageOfPage":{"@id":"https:\/\/www.lamarcadeodin.com\/ya-esta-disponible-la-tercera-edicion-en-digital-de-la-marca-de-odin-el-despertar\/#primaryimage"},"image":{"@id":"https:\/\/www.lamarcadeodin.com\/ya-esta-disponible-la-tercera-edicion-en-digital-de-la-marca-de-odin-el-despertar\/#primaryimage"},"thumbnailUrl":"https:\/\/www.lamarcadeodin.com\/wp-content\/uploads\/Foto-LMDOED-Ed.2019-01.jpg","datePublished":"2019-03-25T12:13:17+00:00","dateModified":"2023-11-23T12:46:14+00:00","breadcrumb":{"@id":"https:\/\/www.lamarcadeodin.com\/ya-esta-disponible-la-tercera-edicion-en-digital-de-la-marca-de-odin-el-despertar\/#breadcrumb"},"inLanguage":"en-US","potentialAction":[{"@type":"ReadAction","target":["https:\/\/www.lamarcadeodin.com\/ya-esta-disponible-la-tercera-edicion-en-digital-de-la-marca-de-odin-el-despertar\/"]}]},{"@type":"ImageObject","inLanguage":"en-US","@id":"https:\/\/www.lamarcadeodin.com\/ya-esta-disponible-la-tercera-edicion-en-digital-de-la-marca-de-odin-el-despertar\/#primaryimage","url":"https:\/\/www.lamarcadeodin.com\/wp-content\/uploads\/Foto-LMDOED-Ed.2019-01.jpg","contentUrl":"https:\/\/www.lamarcadeodin.com\/wp-content\/uploads\/Foto-LMDOED-Ed.2019-01.jpg","width":1200,"height":885},{"@type":"BreadcrumbList","@id":"https:\/\/www.lamarcadeodin.com\/ya-esta-disponible-la-tercera-edicion-en-digital-de-la-marca-de-odin-el-despertar\/#breadcrumb","itemListElement":[{"@type":"ListItem","position":1,"name":"Portada","item":"https:\/\/www.lamarcadeodin.com\/en\/"},{"@type":"ListItem","position":2,"name":"NOW AVAILABLE THE DIGITAL THIRD EDITION FOR MARK OF ODIN: THE AWAKENING IN SPANISH AND CHANGES IN THE ENGLISH VERSION"}]},{"@type":"WebSite","@id":"https:\/\/www.lamarcadeodin.com\/#website","url":"https:\/\/www.lamarcadeodin.com\/","name":"La Marca de Od\u00edn","description":"La saga literaria transmedia que fusiona actualidad con mitolog\u00eda n\u00f3rdica y ciencia ficci\u00f3n","publisher":{"@id":"https:\/\/www.lamarcadeodin.com\/#organization"},"potentialAction":[{"@type":"SearchAction","target":{"@type":"EntryPoint","urlTemplate":"https:\/\/www.lamarcadeodin.com\/?s={search_term_string}"},"query-input":{"@type":"PropertyValueSpecification","valueRequired":true,"valueName":"search_term_string"}}],"inLanguage":"en-US"},{"@type":"Organization","@id":"https:\/\/www.lamarcadeodin.com\/#organization","name":"La Marca de Od\u00edn","url":"https:\/\/www.lamarcadeodin.com\/","logo":{"@type":"ImageObject","inLanguage":"en-US","@id":"https:\/\/www.lamarcadeodin.com\/#\/schema\/logo\/image\/","url":"https:\/\/www.lamarcadeodin.com\/wp-content\/uploads\/cropped-logolamarcadeodinconruna400x120.jpg","contentUrl":"https:\/\/www.lamarcadeodin.com\/wp-content\/uploads\/cropped-logolamarcadeodinconruna400x120.jpg","width":400,"height":120,"caption":"La Marca de Od\u00edn"},"image":{"@id":"https:\/\/www.lamarcadeodin.com\/#\/schema\/logo\/image\/"},"sameAs":["https:\/\/www.facebook.com\/xaviverso\/","https:\/\/x.com\/ElXaviVerso","https:\/\/t.me\/xaviverso","https:\/\/www.instagram.com\/elxaviverso\/","https:\/\/whatsapp.com\/channel\/0029Va94LUA05MUfj4FmYU29","https:\/\/www.youtube.com\/@XaviVerso","https:\/\/www.tiktok.com\/@xaviverso","https:\/\/www.twitch.tv\/xaviverso"]},{"@type":"Person","@id":"https:\/\/www.lamarcadeodin.com\/#\/schema\/person\/4977dfc72708f3e16bbf10092f8526c0","name":"eduardotch","image":{"@type":"ImageObject","inLanguage":"en-US","@id":"https:\/\/www.lamarcadeodin.com\/#\/schema\/person\/image\/","url":"\/\/www.gravatar.com\/avatar\/4fe3139b739fa102a7905b000d69f22c?s=96&#038;r=g&#038;d=mm","contentUrl":"\/\/www.gravatar.com\/avatar\/4fe3139b739fa102a7905b000d69f22c?s=96&#038;r=g&#038;d=mm","caption":"eduardotch"},"sameAs":["https:\/\/www.lamarcadeodin.com"],"url":"https:\/\/www.lamarcadeodin.com\/en\/author\/eduardotch\/"}]}},"_links":{"self":[{"href":"https:\/\/www.lamarcadeodin.com\/en\/wp-json\/wp\/v2\/posts\/6081","targetHints":{"allow":["GET"]}}],"collection":[{"href":"https:\/\/www.lamarcadeodin.com\/en\/wp-json\/wp\/v2\/posts"}],"about":[{"href":"https:\/\/www.lamarcadeodin.com\/en\/wp-json\/wp\/v2\/types\/post"}],"author":[{"embeddable":true,"href":"https:\/\/www.lamarcadeodin.com\/en\/wp-json\/wp\/v2\/users\/1"}],"replies":[{"embeddable":true,"href":"https:\/\/www.lamarcadeodin.com\/en\/wp-json\/wp\/v2\/comments?post=6081"}],"version-history":[{"count":1,"href":"https:\/\/www.lamarcadeodin.com\/en\/wp-json\/wp\/v2\/posts\/6081\/revisions"}],"predecessor-version":[{"id":6082,"href":"https:\/\/www.lamarcadeodin.com\/en\/wp-json\/wp\/v2\/posts\/6081\/revisions\/6082"}],"wp:featuredmedia":[{"embeddable":true,"href":"https:\/\/www.lamarcadeodin.com\/en\/wp-json\/wp\/v2\/media\/5562"}],"wp:attachment":[{"href":"https:\/\/www.lamarcadeodin.com\/en\/wp-json\/wp\/v2\/media?parent=6081"}],"wp:term":[{"taxonomy":"category","embeddable":true,"href":"https:\/\/www.lamarcadeodin.com\/en\/wp-json\/wp\/v2\/categories?post=6081"},{"taxonomy":"post_tag","embeddable":true,"href":"https:\/\/www.lamarcadeodin.com\/en\/wp-json\/wp\/v2\/tags?post=6081"},{"taxonomy":"categoria-de-noticia","embeddable":true,"href":"https:\/\/www.lamarcadeodin.com\/en\/wp-json\/wp\/v2\/categoria-de-noticia?post=6081"}],"curies":[{"name":"wp","href":"https:\/\/api.w.org\/{rel}","templated":true}]}}