{"id":6255,"date":"2018-04-06T09:46:30","date_gmt":"2018-04-06T07:46:30","guid":{"rendered":"https:\/\/www.lamarcadeodin.com\/?p=6255"},"modified":"2023-11-24T13:32:39","modified_gmt":"2023-11-24T12:32:39","slug":"xavier-marce-will-be-guest-in-i-fiction-festival-of-seville","status":"publish","type":"post","link":"https:\/\/www.lamarcadeodin.com\/en\/xavier-marce-will-be-guest-in-i-fiction-festival-of-seville\/","title":{"rendered":"XAVIER MARC\u00c9 WILL BE GUEST IN I FICTION FESTIVAL OF SEVILLE"},"content":{"rendered":"<p>Author Xavier Marce has been confirmed as one of the star guests for the 1th Fiction Festival of Seville #FicFest to talk about Mark of Odin saga. This festival will take place next 4-6th May in Fibes, Seville. Our project is an example of fiction production made in Seville so the organizers think that its interesting that he can shares our experience to all visitors of this event.<\/p>\n<p>May 6th, Sunday, from 18:30-19:30 (CET), will be the time where Xavier Marce will talk about the production of our transmedia project and maybe reveal some surprises. If you are in Seville that weekend we encourage you to attend. The festival will offer exhibitions, themed sections from great IP&#8217;s like Harry Potter, The Walking Dead or Matrix, among others. Other guests will be the Spanish voices for some characters for The Big Bang Theory TV show and other movies.<\/p>\n<p><img fetchpriority=\"high\" decoding=\"async\" src=\"https:\/\/www.lamarcadeodin.com\/sites\/default\/files\/images\/2018\/Actualidad\/Abril\/fotoxmvficfest2018.jpg\" alt=\"fotoxmvficfest2018.jpg\" width=\"500\" height=\"500\" \/><\/p>\n<p>You can purchase your tickets and get more info\u00a0<a href=\"http:\/\/ficfest.es\/2018\/noticia\/10\/sevilla-escenario-de-ficcion-de-la-marca-de-odin\" target=\"_blank\" rel=\"noopener\">at FicFest website.<\/a><\/p>\n","protected":false},"excerpt":{"rendered":"<p>Author Xavier Marce has been confirmed as one of the star guests for the 1th Fiction Festival of Seville #FicFest to talk about Mark of Odin saga. This festival will take place next 4-6th May in Fibes, Seville. Our project is an example of fiction production made in Seville so the organizers think that its [&hellip;]<\/p>\n","protected":false},"author":1,"featured_media":5580,"comment_status":"open","ping_status":"open","sticky":false,"template":"","format":"standard","meta":{"_acf_changed":false,"_bbp_topic_count":0,"_bbp_reply_count":0,"_bbp_total_topic_count":0,"_bbp_total_reply_count":0,"_bbp_voice_count":0,"_bbp_anonymous_reply_count":0,"_bbp_topic_count_hidden":0,"_bbp_reply_count_hidden":0,"_bbp_forum_subforum_count":0,"ngg_post_thumbnail":0,"_glsr_average":0,"_glsr_ranking":0,"_glsr_reviews":0,"footnotes":""},"categories":[125],"tags":[],"categoria-de-noticia":[72],"class_list":["post-6255","post","type-post","status-publish","format-standard","has-post-thumbnail","hentry","category-news","categoria-de-noticia-noticias"],"acf":[],"yoast_head":"<!-- This site is optimized with the Yoast SEO plugin v26.9 - https:\/\/yoast.com\/product\/yoast-seo-wordpress\/ -->\n<title>XAVIER MARC\u00c9 WILL BE GUEST IN I FICTION FESTIVAL OF SEVILLE - La Marca de Od\u00edn<\/title>\n<meta name=\"robots\" content=\"index, follow, max-snippet:-1, max-image-preview:large, max-video-preview:-1\" \/>\n<link rel=\"canonical\" href=\"https:\/\/www.lamarcadeodin.com\/xavier-marce-acudira-como-invitado-al-i-festival-de-ficcion-de-sevilla-2\/\" \/>\n<meta property=\"og:locale\" content=\"en_US\" \/>\n<meta property=\"og:type\" content=\"article\" \/>\n<meta property=\"og:title\" content=\"XAVIER MARC\u00c9 WILL BE GUEST IN I FICTION FESTIVAL OF SEVILLE - La Marca de Od\u00edn\" \/>\n<meta property=\"og:description\" content=\"Author Xavier Marce has been confirmed as one of the star guests for the 1th Fiction Festival of Seville #FicFest to talk about Mark of Odin saga. This festival will take place next 4-6th May in Fibes, Seville. Our project is an example of fiction production made in Seville so the organizers think that its [&hellip;]\" \/>\n<meta property=\"og:url\" content=\"https:\/\/www.lamarcadeodin.com\/xavier-marce-acudira-como-invitado-al-i-festival-de-ficcion-de-sevilla-2\/\" \/>\n<meta property=\"og:site_name\" content=\"La Marca de Od\u00edn\" \/>\n<meta property=\"article:publisher\" content=\"https:\/\/www.facebook.com\/xaviverso\/\" \/>\n<meta property=\"article:published_time\" content=\"2018-04-06T07:46:30+00:00\" \/>\n<meta property=\"article:modified_time\" content=\"2023-11-24T12:32:39+00:00\" \/>\n<meta property=\"og:image\" content=\"https:\/\/www.lamarcadeodin.com\/wp-content\/uploads\/ficfestwebbanner.jpg\" \/>\n\t<meta property=\"og:image:width\" content=\"896\" \/>\n\t<meta property=\"og:image:height\" content=\"660\" \/>\n\t<meta property=\"og:image:type\" content=\"image\/jpeg\" \/>\n<meta name=\"author\" content=\"eduardotch\" \/>\n<meta name=\"twitter:card\" content=\"summary_large_image\" \/>\n<meta name=\"twitter:creator\" content=\"@ElXaviVerso\" \/>\n<meta name=\"twitter:site\" content=\"@ElXaviVerso\" \/>\n<meta name=\"twitter:label1\" content=\"Written by\" \/>\n\t<meta name=\"twitter:data1\" content=\"eduardotch\" \/>\n\t<meta name=\"twitter:label2\" content=\"Est. reading time\" \/>\n\t<meta name=\"twitter:data2\" content=\"1 minute\" \/>\n<script type=\"application\/ld+json\" class=\"yoast-schema-graph\">{\"@context\":\"https:\/\/schema.org\",\"@graph\":[{\"@type\":\"Article\",\"@id\":\"https:\/\/www.lamarcadeodin.com\/xavier-marce-acudira-como-invitado-al-i-festival-de-ficcion-de-sevilla-2\/#article\",\"isPartOf\":{\"@id\":\"https:\/\/www.lamarcadeodin.com\/xavier-marce-acudira-como-invitado-al-i-festival-de-ficcion-de-sevilla-2\/\"},\"author\":{\"name\":\"eduardotch\",\"@id\":\"https:\/\/www.lamarcadeodin.com\/#\/schema\/person\/4977dfc72708f3e16bbf10092f8526c0\"},\"headline\":\"XAVIER MARC\u00c9 WILL BE GUEST IN I FICTION FESTIVAL OF SEVILLE\",\"datePublished\":\"2018-04-06T07:46:30+00:00\",\"dateModified\":\"2023-11-24T12:32:39+00:00\",\"mainEntityOfPage\":{\"@id\":\"https:\/\/www.lamarcadeodin.com\/xavier-marce-acudira-como-invitado-al-i-festival-de-ficcion-de-sevilla-2\/\"},\"wordCount\":172,\"commentCount\":0,\"publisher\":{\"@id\":\"https:\/\/www.lamarcadeodin.com\/#organization\"},\"image\":{\"@id\":\"https:\/\/www.lamarcadeodin.com\/xavier-marce-acudira-como-invitado-al-i-festival-de-ficcion-de-sevilla-2\/#primaryimage\"},\"thumbnailUrl\":\"https:\/\/www.lamarcadeodin.com\/wp-content\/uploads\/ficfestwebbanner.jpg\",\"articleSection\":[\"News\"],\"inLanguage\":\"en-US\",\"potentialAction\":[{\"@type\":\"CommentAction\",\"name\":\"Comment\",\"target\":[\"https:\/\/www.lamarcadeodin.com\/xavier-marce-acudira-como-invitado-al-i-festival-de-ficcion-de-sevilla-2\/#respond\"]}]},{\"@type\":\"WebPage\",\"@id\":\"https:\/\/www.lamarcadeodin.com\/xavier-marce-acudira-como-invitado-al-i-festival-de-ficcion-de-sevilla-2\/\",\"url\":\"https:\/\/www.lamarcadeodin.com\/xavier-marce-acudira-como-invitado-al-i-festival-de-ficcion-de-sevilla-2\/\",\"name\":\"XAVIER MARC\u00c9 WILL BE GUEST IN I FICTION FESTIVAL OF SEVILLE - La Marca de Od\u00edn\",\"isPartOf\":{\"@id\":\"https:\/\/www.lamarcadeodin.com\/#website\"},\"primaryImageOfPage\":{\"@id\":\"https:\/\/www.lamarcadeodin.com\/xavier-marce-acudira-como-invitado-al-i-festival-de-ficcion-de-sevilla-2\/#primaryimage\"},\"image\":{\"@id\":\"https:\/\/www.lamarcadeodin.com\/xavier-marce-acudira-como-invitado-al-i-festival-de-ficcion-de-sevilla-2\/#primaryimage\"},\"thumbnailUrl\":\"https:\/\/www.lamarcadeodin.com\/wp-content\/uploads\/ficfestwebbanner.jpg\",\"datePublished\":\"2018-04-06T07:46:30+00:00\",\"dateModified\":\"2023-11-24T12:32:39+00:00\",\"breadcrumb\":{\"@id\":\"https:\/\/www.lamarcadeodin.com\/xavier-marce-acudira-como-invitado-al-i-festival-de-ficcion-de-sevilla-2\/#breadcrumb\"},\"inLanguage\":\"en-US\",\"potentialAction\":[{\"@type\":\"ReadAction\",\"target\":[\"https:\/\/www.lamarcadeodin.com\/xavier-marce-acudira-como-invitado-al-i-festival-de-ficcion-de-sevilla-2\/\"]}]},{\"@type\":\"ImageObject\",\"inLanguage\":\"en-US\",\"@id\":\"https:\/\/www.lamarcadeodin.com\/xavier-marce-acudira-como-invitado-al-i-festival-de-ficcion-de-sevilla-2\/#primaryimage\",\"url\":\"https:\/\/www.lamarcadeodin.com\/wp-content\/uploads\/ficfestwebbanner.jpg\",\"contentUrl\":\"https:\/\/www.lamarcadeodin.com\/wp-content\/uploads\/ficfestwebbanner.jpg\",\"width\":896,\"height\":660},{\"@type\":\"BreadcrumbList\",\"@id\":\"https:\/\/www.lamarcadeodin.com\/xavier-marce-acudira-como-invitado-al-i-festival-de-ficcion-de-sevilla-2\/#breadcrumb\",\"itemListElement\":[{\"@type\":\"ListItem\",\"position\":1,\"name\":\"Portada\",\"item\":\"https:\/\/www.lamarcadeodin.com\/en\/\"},{\"@type\":\"ListItem\",\"position\":2,\"name\":\"XAVIER MARC\u00c9 WILL BE GUEST IN I FICTION FESTIVAL OF SEVILLE\"}]},{\"@type\":\"WebSite\",\"@id\":\"https:\/\/www.lamarcadeodin.com\/#website\",\"url\":\"https:\/\/www.lamarcadeodin.com\/\",\"name\":\"La Marca de Od\u00edn\",\"description\":\"La saga literaria transmedia que fusiona actualidad con mitolog\u00eda n\u00f3rdica y ciencia ficci\u00f3n\",\"publisher\":{\"@id\":\"https:\/\/www.lamarcadeodin.com\/#organization\"},\"potentialAction\":[{\"@type\":\"SearchAction\",\"target\":{\"@type\":\"EntryPoint\",\"urlTemplate\":\"https:\/\/www.lamarcadeodin.com\/?s={search_term_string}\"},\"query-input\":{\"@type\":\"PropertyValueSpecification\",\"valueRequired\":true,\"valueName\":\"search_term_string\"}}],\"inLanguage\":\"en-US\"},{\"@type\":\"Organization\",\"@id\":\"https:\/\/www.lamarcadeodin.com\/#organization\",\"name\":\"La Marca de Od\u00edn\",\"url\":\"https:\/\/www.lamarcadeodin.com\/\",\"logo\":{\"@type\":\"ImageObject\",\"inLanguage\":\"en-US\",\"@id\":\"https:\/\/www.lamarcadeodin.com\/#\/schema\/logo\/image\/\",\"url\":\"https:\/\/www.lamarcadeodin.com\/wp-content\/uploads\/cropped-logolamarcadeodinconruna400x120.jpg\",\"contentUrl\":\"https:\/\/www.lamarcadeodin.com\/wp-content\/uploads\/cropped-logolamarcadeodinconruna400x120.jpg\",\"width\":400,\"height\":120,\"caption\":\"La Marca de Od\u00edn\"},\"image\":{\"@id\":\"https:\/\/www.lamarcadeodin.com\/#\/schema\/logo\/image\/\"},\"sameAs\":[\"https:\/\/www.facebook.com\/xaviverso\/\",\"https:\/\/x.com\/ElXaviVerso\",\"https:\/\/t.me\/xaviverso\",\"https:\/\/www.instagram.com\/elxaviverso\/\",\"https:\/\/whatsapp.com\/channel\/0029Va94LUA05MUfj4FmYU29\",\"https:\/\/www.youtube.com\/@XaviVerso\",\"https:\/\/www.tiktok.com\/@xaviverso\",\"https:\/\/www.twitch.tv\/xaviverso\"]},{\"@type\":\"Person\",\"@id\":\"https:\/\/www.lamarcadeodin.com\/#\/schema\/person\/4977dfc72708f3e16bbf10092f8526c0\",\"name\":\"eduardotch\",\"image\":{\"@type\":\"ImageObject\",\"inLanguage\":\"en-US\",\"@id\":\"https:\/\/www.lamarcadeodin.com\/#\/schema\/person\/image\/\",\"url\":\"\/\/www.gravatar.com\/avatar\/4fe3139b739fa102a7905b000d69f22c?s=96&#038;r=g&#038;d=mm\",\"contentUrl\":\"\/\/www.gravatar.com\/avatar\/4fe3139b739fa102a7905b000d69f22c?s=96&#038;r=g&#038;d=mm\",\"caption\":\"eduardotch\"},\"sameAs\":[\"https:\/\/www.lamarcadeodin.com\"],\"url\":\"https:\/\/www.lamarcadeodin.com\/en\/author\/eduardotch\/\"}]}<\/script>\n<!-- \/ Yoast SEO plugin. -->","yoast_head_json":{"title":"XAVIER MARC\u00c9 WILL BE GUEST IN I FICTION FESTIVAL OF SEVILLE - La Marca de Od\u00edn","robots":{"index":"index","follow":"follow","max-snippet":"max-snippet:-1","max-image-preview":"max-image-preview:large","max-video-preview":"max-video-preview:-1"},"canonical":"https:\/\/www.lamarcadeodin.com\/xavier-marce-acudira-como-invitado-al-i-festival-de-ficcion-de-sevilla-2\/","og_locale":"en_US","og_type":"article","og_title":"XAVIER MARC\u00c9 WILL BE GUEST IN I FICTION FESTIVAL OF SEVILLE - La Marca de Od\u00edn","og_description":"Author Xavier Marce has been confirmed as one of the star guests for the 1th Fiction Festival of Seville #FicFest to talk about Mark of Odin saga. This festival will take place next 4-6th May in Fibes, Seville. Our project is an example of fiction production made in Seville so the organizers think that its [&hellip;]","og_url":"https:\/\/www.lamarcadeodin.com\/xavier-marce-acudira-como-invitado-al-i-festival-de-ficcion-de-sevilla-2\/","og_site_name":"La Marca de Od\u00edn","article_publisher":"https:\/\/www.facebook.com\/xaviverso\/","article_published_time":"2018-04-06T07:46:30+00:00","article_modified_time":"2023-11-24T12:32:39+00:00","og_image":[{"width":896,"height":660,"url":"https:\/\/www.lamarcadeodin.com\/wp-content\/uploads\/ficfestwebbanner.jpg","type":"image\/jpeg"}],"author":"eduardotch","twitter_card":"summary_large_image","twitter_creator":"@ElXaviVerso","twitter_site":"@ElXaviVerso","twitter_misc":{"Written by":"eduardotch","Est. reading time":"1 minute"},"schema":{"@context":"https:\/\/schema.org","@graph":[{"@type":"Article","@id":"https:\/\/www.lamarcadeodin.com\/xavier-marce-acudira-como-invitado-al-i-festival-de-ficcion-de-sevilla-2\/#article","isPartOf":{"@id":"https:\/\/www.lamarcadeodin.com\/xavier-marce-acudira-como-invitado-al-i-festival-de-ficcion-de-sevilla-2\/"},"author":{"name":"eduardotch","@id":"https:\/\/www.lamarcadeodin.com\/#\/schema\/person\/4977dfc72708f3e16bbf10092f8526c0"},"headline":"XAVIER MARC\u00c9 WILL BE GUEST IN I FICTION FESTIVAL OF SEVILLE","datePublished":"2018-04-06T07:46:30+00:00","dateModified":"2023-11-24T12:32:39+00:00","mainEntityOfPage":{"@id":"https:\/\/www.lamarcadeodin.com\/xavier-marce-acudira-como-invitado-al-i-festival-de-ficcion-de-sevilla-2\/"},"wordCount":172,"commentCount":0,"publisher":{"@id":"https:\/\/www.lamarcadeodin.com\/#organization"},"image":{"@id":"https:\/\/www.lamarcadeodin.com\/xavier-marce-acudira-como-invitado-al-i-festival-de-ficcion-de-sevilla-2\/#primaryimage"},"thumbnailUrl":"https:\/\/www.lamarcadeodin.com\/wp-content\/uploads\/ficfestwebbanner.jpg","articleSection":["News"],"inLanguage":"en-US","potentialAction":[{"@type":"CommentAction","name":"Comment","target":["https:\/\/www.lamarcadeodin.com\/xavier-marce-acudira-como-invitado-al-i-festival-de-ficcion-de-sevilla-2\/#respond"]}]},{"@type":"WebPage","@id":"https:\/\/www.lamarcadeodin.com\/xavier-marce-acudira-como-invitado-al-i-festival-de-ficcion-de-sevilla-2\/","url":"https:\/\/www.lamarcadeodin.com\/xavier-marce-acudira-como-invitado-al-i-festival-de-ficcion-de-sevilla-2\/","name":"XAVIER MARC\u00c9 WILL BE GUEST IN I FICTION FESTIVAL OF SEVILLE - La Marca de Od\u00edn","isPartOf":{"@id":"https:\/\/www.lamarcadeodin.com\/#website"},"primaryImageOfPage":{"@id":"https:\/\/www.lamarcadeodin.com\/xavier-marce-acudira-como-invitado-al-i-festival-de-ficcion-de-sevilla-2\/#primaryimage"},"image":{"@id":"https:\/\/www.lamarcadeodin.com\/xavier-marce-acudira-como-invitado-al-i-festival-de-ficcion-de-sevilla-2\/#primaryimage"},"thumbnailUrl":"https:\/\/www.lamarcadeodin.com\/wp-content\/uploads\/ficfestwebbanner.jpg","datePublished":"2018-04-06T07:46:30+00:00","dateModified":"2023-11-24T12:32:39+00:00","breadcrumb":{"@id":"https:\/\/www.lamarcadeodin.com\/xavier-marce-acudira-como-invitado-al-i-festival-de-ficcion-de-sevilla-2\/#breadcrumb"},"inLanguage":"en-US","potentialAction":[{"@type":"ReadAction","target":["https:\/\/www.lamarcadeodin.com\/xavier-marce-acudira-como-invitado-al-i-festival-de-ficcion-de-sevilla-2\/"]}]},{"@type":"ImageObject","inLanguage":"en-US","@id":"https:\/\/www.lamarcadeodin.com\/xavier-marce-acudira-como-invitado-al-i-festival-de-ficcion-de-sevilla-2\/#primaryimage","url":"https:\/\/www.lamarcadeodin.com\/wp-content\/uploads\/ficfestwebbanner.jpg","contentUrl":"https:\/\/www.lamarcadeodin.com\/wp-content\/uploads\/ficfestwebbanner.jpg","width":896,"height":660},{"@type":"BreadcrumbList","@id":"https:\/\/www.lamarcadeodin.com\/xavier-marce-acudira-como-invitado-al-i-festival-de-ficcion-de-sevilla-2\/#breadcrumb","itemListElement":[{"@type":"ListItem","position":1,"name":"Portada","item":"https:\/\/www.lamarcadeodin.com\/en\/"},{"@type":"ListItem","position":2,"name":"XAVIER MARC\u00c9 WILL BE GUEST IN I FICTION FESTIVAL OF SEVILLE"}]},{"@type":"WebSite","@id":"https:\/\/www.lamarcadeodin.com\/#website","url":"https:\/\/www.lamarcadeodin.com\/","name":"La Marca de Od\u00edn","description":"La saga literaria transmedia que fusiona actualidad con mitolog\u00eda n\u00f3rdica y ciencia ficci\u00f3n","publisher":{"@id":"https:\/\/www.lamarcadeodin.com\/#organization"},"potentialAction":[{"@type":"SearchAction","target":{"@type":"EntryPoint","urlTemplate":"https:\/\/www.lamarcadeodin.com\/?s={search_term_string}"},"query-input":{"@type":"PropertyValueSpecification","valueRequired":true,"valueName":"search_term_string"}}],"inLanguage":"en-US"},{"@type":"Organization","@id":"https:\/\/www.lamarcadeodin.com\/#organization","name":"La Marca de Od\u00edn","url":"https:\/\/www.lamarcadeodin.com\/","logo":{"@type":"ImageObject","inLanguage":"en-US","@id":"https:\/\/www.lamarcadeodin.com\/#\/schema\/logo\/image\/","url":"https:\/\/www.lamarcadeodin.com\/wp-content\/uploads\/cropped-logolamarcadeodinconruna400x120.jpg","contentUrl":"https:\/\/www.lamarcadeodin.com\/wp-content\/uploads\/cropped-logolamarcadeodinconruna400x120.jpg","width":400,"height":120,"caption":"La Marca de Od\u00edn"},"image":{"@id":"https:\/\/www.lamarcadeodin.com\/#\/schema\/logo\/image\/"},"sameAs":["https:\/\/www.facebook.com\/xaviverso\/","https:\/\/x.com\/ElXaviVerso","https:\/\/t.me\/xaviverso","https:\/\/www.instagram.com\/elxaviverso\/","https:\/\/whatsapp.com\/channel\/0029Va94LUA05MUfj4FmYU29","https:\/\/www.youtube.com\/@XaviVerso","https:\/\/www.tiktok.com\/@xaviverso","https:\/\/www.twitch.tv\/xaviverso"]},{"@type":"Person","@id":"https:\/\/www.lamarcadeodin.com\/#\/schema\/person\/4977dfc72708f3e16bbf10092f8526c0","name":"eduardotch","image":{"@type":"ImageObject","inLanguage":"en-US","@id":"https:\/\/www.lamarcadeodin.com\/#\/schema\/person\/image\/","url":"\/\/www.gravatar.com\/avatar\/4fe3139b739fa102a7905b000d69f22c?s=96&#038;r=g&#038;d=mm","contentUrl":"\/\/www.gravatar.com\/avatar\/4fe3139b739fa102a7905b000d69f22c?s=96&#038;r=g&#038;d=mm","caption":"eduardotch"},"sameAs":["https:\/\/www.lamarcadeodin.com"],"url":"https:\/\/www.lamarcadeodin.com\/en\/author\/eduardotch\/"}]}},"_links":{"self":[{"href":"https:\/\/www.lamarcadeodin.com\/en\/wp-json\/wp\/v2\/posts\/6255","targetHints":{"allow":["GET"]}}],"collection":[{"href":"https:\/\/www.lamarcadeodin.com\/en\/wp-json\/wp\/v2\/posts"}],"about":[{"href":"https:\/\/www.lamarcadeodin.com\/en\/wp-json\/wp\/v2\/types\/post"}],"author":[{"embeddable":true,"href":"https:\/\/www.lamarcadeodin.com\/en\/wp-json\/wp\/v2\/users\/1"}],"replies":[{"embeddable":true,"href":"https:\/\/www.lamarcadeodin.com\/en\/wp-json\/wp\/v2\/comments?post=6255"}],"version-history":[{"count":1,"href":"https:\/\/www.lamarcadeodin.com\/en\/wp-json\/wp\/v2\/posts\/6255\/revisions"}],"predecessor-version":[{"id":6256,"href":"https:\/\/www.lamarcadeodin.com\/en\/wp-json\/wp\/v2\/posts\/6255\/revisions\/6256"}],"wp:featuredmedia":[{"embeddable":true,"href":"https:\/\/www.lamarcadeodin.com\/en\/wp-json\/wp\/v2\/media\/5580"}],"wp:attachment":[{"href":"https:\/\/www.lamarcadeodin.com\/en\/wp-json\/wp\/v2\/media?parent=6255"}],"wp:term":[{"taxonomy":"category","embeddable":true,"href":"https:\/\/www.lamarcadeodin.com\/en\/wp-json\/wp\/v2\/categories?post=6255"},{"taxonomy":"post_tag","embeddable":true,"href":"https:\/\/www.lamarcadeodin.com\/en\/wp-json\/wp\/v2\/tags?post=6255"},{"taxonomy":"categoria-de-noticia","embeddable":true,"href":"https:\/\/www.lamarcadeodin.com\/en\/wp-json\/wp\/v2\/categoria-de-noticia?post=6255"}],"curies":[{"name":"wp","href":"https:\/\/api.w.org\/{rel}","templated":true}]}}